{"id":6404,"date":"2018-12-13T17:15:01","date_gmt":"2018-12-13T15:15:01","guid":{"rendered":"https:\/\/foedus-personaldienste.de\/?p=6404"},"modified":"2020-02-12T12:03:15","modified_gmt":"2020-02-12T10:03:15","slug":"gabelstaplerfahrer-m-w-d-fod-210002","status":"publish","type":"post","link":"https:\/\/foedus-personaldienste.de\/index.php\/gabelstaplerfahrer-m-w-d-fod-210002\/","title":{"rendered":"Gabelstaplerfahrer (m\/w\/d) FOD 210002"},"content":{"rendered":"<p>Wir suchen f\u00fcr unsere renommierten Kunden im Raum <strong>D\u00fcren<\/strong> ab sofort mehrere motivierte und zuverl\u00e4ssige:<\/p>\n<p><strong>Gabelstaplerfahrer (m\/w\/d)<\/strong><\/p>\n<p>&nbsp;<\/p>\n<p><strong>T\u00e4tigkeitsprofil:<\/strong><\/p>\n<p>&#8211; Be- und Entladen von LKW<br \/>\n&#8211; Einlagern von Waren<br \/>\n&#8211; Lieferscheine bearbeiten<\/p>\n<p>&nbsp;<\/p>\n<p><strong>Anforderungsprofil:<\/strong><\/p>\n<p>&#8211; Berufserfahrung ist von Vorteil<br \/>\n&#8211; selbstst\u00e4ndiges Arbeiten<\/p>\n<p>&nbsp;<\/p>\n<p><strong>Wir <\/strong><strong>bieten:<\/strong><\/p>\n<ul>\n<li>Menschlichkeit und freundlichen, respektvollen Umgang miteinander<\/li>\n<li>Anerkennung und Wertsch\u00e4tzung Ihrer pers\u00f6nlichen Leistung<\/li>\n<li>Famili\u00e4rer Umgang und ein \u201eoffenes Ohr\u201c f\u00fcr Ihre Bed\u00fcrfnisse<\/li>\n<li>Pers\u00f6nliche Betreuung und Begleitung am ersten Arbeitstag<\/li>\n<li>Verbindlichkeit \u201eMiteinander, F\u00fcreinander\u201c<\/li>\n<li>Innerbetriebliche Fort- und Weiterbildung<\/li>\n<li>Faire Entlohnung und Lohnzahlungen bis sp\u00e4testens 11. des Folgemonates<\/li>\n<li>Interessante Arbeitsstellen in Ihrer N\u00e4he<\/li>\n<\/ul>\n<div class=\"fusion-button-wrapper\"><a class=\"fusion-button button-flat fusion-button-default-size button-custom fusion-button-default button-1 fusion-button-default-span fusion-button-default-type\" style=\"--button_accent_color:#ffffff;--button_accent_hover_color:#ffffff;--button_border_hover_color:#ffffff;--button_gradient_top_color:#e28317;--button_gradient_bottom_color:#e28317;--button_gradient_top_color_hover:#e88f12;--button_gradient_bottom_color_hover:#e88f12;\" target=\"_self\" href=\"https:\/\/foedus-personaldienste.de\/index.php\/bewerbung\/\"><span class=\"fusion-button-text awb-button__text awb-button__text--default\">JETZT BEWERBEN<\/span><\/a><\/div>\n<p>foedus \u2013 ehrlich, fair, zuverl\u00e4ssig. Wir schreiben diese Werte nicht nur \u2013 wir leben sie!<\/p>\n<p>&nbsp;<\/p>\n","protected":false},"excerpt":{"rendered":"<p>Wir suchen f\u00fcr unsere renommierten Kunden im Raum D\u00fcren ab sofort mehrere motivierte und zuverl\u00e4ssige: Gabelstaplerfahrer (m\/w\/d) &nbsp; T\u00e4tigkeitsprofil: &#8211; Be- und Entladen von LKW &#8211; Einlagern von Waren &#8211; Lieferscheine bearbeiten &nbsp; Anforderungsprofil: &#8211; Berufserfahrung ist von Vorteil &#8211; selbstst\u00e4ndiges Arbeiten &nbsp; Wir bieten: Menschlichkeit und freundlichen, respektvollen Umgang miteinander Anerkennung und Wertsch\u00e4tzung Ihrer <a href=\"https:\/\/foedus-personaldienste.de\/index.php\/gabelstaplerfahrer-m-w-d-fod-210002\/\"> [&#8230;]<\/a><\/p>\n","protected":false},"author":3,"featured_media":5206,"comment_status":"closed","ping_status":"closed","sticky":false,"template":"","format":"standard","meta":{"footnotes":""},"categories":[359,30],"tags":[52,153],"class_list":["post-6404","post","type-post","status-publish","format-standard","has-post-thumbnail","hentry","category-mit-ausbildung-im-gewerblichen-bereich","category-stellenangebote","tag-dueren","tag-gabelstaplerfahrer"],"_links":{"self":[{"href":"https:\/\/foedus-personaldienste.de\/index.php\/wp-json\/wp\/v2\/posts\/6404","targetHints":{"allow":["GET"]}}],"collection":[{"href":"https:\/\/foedus-personaldienste.de\/index.php\/wp-json\/wp\/v2\/posts"}],"about":[{"href":"https:\/\/foedus-personaldienste.de\/index.php\/wp-json\/wp\/v2\/types\/post"}],"author":[{"embeddable":true,"href":"https:\/\/foedus-personaldienste.de\/index.php\/wp-json\/wp\/v2\/users\/3"}],"replies":[{"embeddable":true,"href":"https:\/\/foedus-personaldienste.de\/index.php\/wp-json\/wp\/v2\/comments?post=6404"}],"version-history":[{"count":0,"href":"https:\/\/foedus-personaldienste.de\/index.php\/wp-json\/wp\/v2\/posts\/6404\/revisions"}],"wp:featuredmedia":[{"embeddable":true,"href":"https:\/\/foedus-personaldienste.de\/index.php\/wp-json\/wp\/v2\/media\/5206"}],"wp:attachment":[{"href":"https:\/\/foedus-personaldienste.de\/index.php\/wp-json\/wp\/v2\/media?parent=6404"}],"wp:term":[{"taxonomy":"category","embeddable":true,"href":"https:\/\/foedus-personaldienste.de\/index.php\/wp-json\/wp\/v2\/categories?post=6404"},{"taxonomy":"post_tag","embeddable":true,"href":"https:\/\/foedus-personaldienste.de\/index.php\/wp-json\/wp\/v2\/tags?post=6404"}],"curies":[{"name":"wp","href":"https:\/\/api.w.org\/{rel}","templated":true}]}}