{"id":6668,"date":"2019-03-25T15:52:55","date_gmt":"2019-03-25T13:52:55","guid":{"rendered":"https:\/\/foedus-personaldienste.de\/?p=6668"},"modified":"2019-03-25T16:06:42","modified_gmt":"2019-03-25T14:06:42","slug":"metallfacharbeiter-m-w-d-foa-3100006","status":"publish","type":"post","link":"https:\/\/foedus-personaldienste.de\/index.php\/metallfacharbeiter-m-w-d-foa-3100006\/","title":{"rendered":"Metallfacharbeiter (m\/w\/d) FOA 3100006"},"content":{"rendered":"<p>Wir suchen f\u00fcr unseren renommierten Kunden in <strong>D\u00fcren<\/strong> ab sofort mehrere motivierte und zuverl\u00e4ssige:<\/p>\n<p><strong>Metallfacharbeiter (m\/w\/d)<\/strong><\/p>\n<p><strong>T\u00e4tigkeitsprofil:<\/strong><\/p>\n<p>&#8211; Montagearbeiten an Rohren<br \/>\n&#8211; Arbeiten nach Zeichnung<\/p>\n<p><strong>Anforderungsprofil:<\/strong><\/p>\n<p>&#8211; Abgeschlossene technische Berufsausbildung im o.g. Bereich<br \/>\n&#8211; Selbst\u00e4ndiges Arbeiten<br \/>\n&#8211; 1-2 Jahre Berufserfahrung w\u00fcnschenswert<br \/>\n&#8211; Mobilit\u00e4t w\u00fcnschenswert<\/p>\n<p><strong>Wir bieten:<\/strong><\/p>\n<ul>\n<li>Menschlichkeit und freundlichen, respektvollen Umgang miteinander<\/li>\n<li>Anerkennung und Wertsch\u00e4tzung Ihrer pers\u00f6nlichen Leistung<\/li>\n<li>Famili\u00e4rer Umgang und ein \u201eoffenes Ohr\u201c f\u00fcr Ihre Bed\u00fcrfnisse<\/li>\n<li>Pers\u00f6nliche Betreuung und Begleitung am ersten Arbeitstag<\/li>\n<li>Verbindlichkeit \u201eMiteinander, F\u00fcreinander\u201c<\/li>\n<li>Innerbetriebliche Fort- und Weiterbildung<\/li>\n<li>Faire Entlohnung und Lohnzahlungen bis sp\u00e4testens 11. des Folgemonates<\/li>\n<li>Interessante Arbeitsstellen in Ihrer N\u00e4he<\/li>\n<\/ul>\n<div class=\"fusion-button-wrapper\"><a class=\"fusion-button button-flat fusion-button-default-size button-custom fusion-button-default button-1 fusion-button-default-span fusion-button-default-type\" style=\"--button_accent_color:#ffffff;--button_accent_hover_color:#ffffff;--button_border_hover_color:#ffffff;--button_gradient_top_color:#e28317;--button_gradient_bottom_color:#e28317;--button_gradient_top_color_hover:#e88f12;--button_gradient_bottom_color_hover:#e88f12;\" target=\"_self\" href=\"https:\/\/foedus-personaldienste.de\/index.php\/bewerbung-dueren\/\"><span class=\"fusion-button-text awb-button__text awb-button__text--default\">JETZT BEWERBEN<\/span><\/a><\/div>\n<p>foedus \u2013 ehrlich, fair, zuverl\u00e4ssig. Wir schreiben diese Werte nicht nur \u2013 wir leben sie!<\/p>\n<p>&nbsp;<\/p>\n","protected":false},"excerpt":{"rendered":"<p>Wir suchen f\u00fcr unseren renommierten Kunden in D\u00fcren ab sofort mehrere motivierte und zuverl\u00e4ssige: Metallfacharbeiter (m\/w\/d) T\u00e4tigkeitsprofil: &#8211; Montagearbeiten an Rohren &#8211; Arbeiten nach Zeichnung Anforderungsprofil: &#8211; Abgeschlossene technische Berufsausbildung im o.g. Bereich &#8211; Selbst\u00e4ndiges Arbeiten &#8211; 1-2 Jahre Berufserfahrung w\u00fcnschenswert &#8211; Mobilit\u00e4t w\u00fcnschenswert Wir bieten: Menschlichkeit und freundlichen, respektvollen Umgang miteinander Anerkennung und Wertsch\u00e4tzung <a href=\"https:\/\/foedus-personaldienste.de\/index.php\/metallfacharbeiter-m-w-d-foa-3100006\/\"> [&#8230;]<\/a><\/p>\n","protected":false},"author":3,"featured_media":5206,"comment_status":"closed","ping_status":"closed","sticky":false,"template":"","format":"standard","meta":{"footnotes":""},"categories":[359,30],"tags":[52,94,636,62],"class_list":["post-6668","post","type-post","status-publish","format-standard","has-post-thumbnail","hentry","category-mit-ausbildung-im-gewerblichen-bereich","category-stellenangebote","tag-dueren","tag-industriemechaniker","tag-metallfacharbeiter","tag-schlosser"],"_links":{"self":[{"href":"https:\/\/foedus-personaldienste.de\/index.php\/wp-json\/wp\/v2\/posts\/6668","targetHints":{"allow":["GET"]}}],"collection":[{"href":"https:\/\/foedus-personaldienste.de\/index.php\/wp-json\/wp\/v2\/posts"}],"about":[{"href":"https:\/\/foedus-personaldienste.de\/index.php\/wp-json\/wp\/v2\/types\/post"}],"author":[{"embeddable":true,"href":"https:\/\/foedus-personaldienste.de\/index.php\/wp-json\/wp\/v2\/users\/3"}],"replies":[{"embeddable":true,"href":"https:\/\/foedus-personaldienste.de\/index.php\/wp-json\/wp\/v2\/comments?post=6668"}],"version-history":[{"count":0,"href":"https:\/\/foedus-personaldienste.de\/index.php\/wp-json\/wp\/v2\/posts\/6668\/revisions"}],"wp:featuredmedia":[{"embeddable":true,"href":"https:\/\/foedus-personaldienste.de\/index.php\/wp-json\/wp\/v2\/media\/5206"}],"wp:attachment":[{"href":"https:\/\/foedus-personaldienste.de\/index.php\/wp-json\/wp\/v2\/media?parent=6668"}],"wp:term":[{"taxonomy":"category","embeddable":true,"href":"https:\/\/foedus-personaldienste.de\/index.php\/wp-json\/wp\/v2\/categories?post=6668"},{"taxonomy":"post_tag","embeddable":true,"href":"https:\/\/foedus-personaldienste.de\/index.php\/wp-json\/wp\/v2\/tags?post=6668"}],"curies":[{"name":"wp","href":"https:\/\/api.w.org\/{rel}","templated":true}]}}