{"id":6685,"date":"2019-03-01T14:30:46","date_gmt":"2019-03-01T12:30:46","guid":{"rendered":"https:\/\/foedus-personaldienste.de\/?p=6685"},"modified":"2019-04-12T14:31:04","modified_gmt":"2019-04-12T12:31:04","slug":"neue-leitung-der-industriemontage","status":"publish","type":"post","link":"https:\/\/foedus-personaldienste.de\/index.php\/neue-leitung-der-industriemontage\/","title":{"rendered":"Neue Leitung der Industriemontage"},"content":{"rendered":"<p>Neue Verst\u00e4rkung f\u00fcr die Abteilung Industriemontage &#8230;<\/p>\n<blockquote><p><em>Mein Name ist Bernd Gillessen und ich bin seit M\u00e4rz 2019 bei der Firma <span style=\"color: #ffcc00;\">fo<\/span>edus als Niederlassungsleiter f\u00fcr die Abteilung Industriemontage zust\u00e4ndig.<\/em><\/p>\n<p><em>Vor meiner Zeit bei der Firma <span style=\"color: #ffcc00;\">fo<\/span>edus war ich als Serviceleiter in einem gro\u00dfen Konzern t\u00e4tig.<\/em><\/p>\n<p><em>Schon in dieser Zeit lernte ich meinen neuen Arbeitgeber kennen und sch\u00e4tzen.<\/em><\/p>\n<p><em>Als ich mich dann im Jahr 2019 noch einmal beruflich ver\u00e4ndern wollte, und einige Angebote hatte, fiel die Wahl recht schnell auf <span style=\"color: #ffcc00;\">fo<\/span>edus.<\/em><\/p>\n<p><em>Ich freue mich auf eine gute Zusammenarbeit und hoffe, dass ich meinen Teil zum Erfolg beisteuern kann.<\/em><\/p>\n<p><em>F\u00fcr R\u00fcckfragen stehe ich Ihnen gerne telefonisch: 02421\/ 20646 11 oder per Mail an <a href=\"mailto:bernd.gillessen@foedus-personaldienste.de\">bernd.gillessen@foedus-personaldienste.de<\/a> zur Verf\u00fcgung.<\/em><\/p>\n<p><img decoding=\"async\" class=\"alignnone wp-image-6687\" src=\"https:\/\/foedus-personaldienste.de\/wp-content\/uploads\/Gillessen-1-783x1024.jpg\" alt=\"\" width=\"163\" height=\"213\" srcset=\"https:\/\/foedus-personaldienste.de\/wp-content\/uploads\/Gillessen-1-200x262.jpg 200w, https:\/\/foedus-personaldienste.de\/wp-content\/uploads\/Gillessen-1-229x300.jpg 229w, https:\/\/foedus-personaldienste.de\/wp-content\/uploads\/Gillessen-1-400x523.jpg 400w, https:\/\/foedus-personaldienste.de\/wp-content\/uploads\/Gillessen-1-600x785.jpg 600w, https:\/\/foedus-personaldienste.de\/wp-content\/uploads\/Gillessen-1-768x1005.jpg 768w, https:\/\/foedus-personaldienste.de\/wp-content\/uploads\/Gillessen-1-783x1024.jpg 783w, https:\/\/foedus-personaldienste.de\/wp-content\/uploads\/Gillessen-1-800x1047.jpg 800w, https:\/\/foedus-personaldienste.de\/wp-content\/uploads\/Gillessen-1-1200x1570.jpg 1200w, https:\/\/foedus-personaldienste.de\/wp-content\/uploads\/Gillessen-1.jpg 1535w\" sizes=\"(max-width: 163px) 100vw, 163px\" \/><\/p><\/blockquote>\n","protected":false},"excerpt":{"rendered":"<p>Neue Verst\u00e4rkung f\u00fcr die Abteilung Industriemontage &#8230; Mein Name ist Bernd Gillessen und ich bin seit M\u00e4rz 2019 bei der Firma foedus als Niederlassungsleiter f\u00fcr die Abteilung Industriemontage zust\u00e4ndig. Vor meiner Zeit bei der Firma foedus war ich als Serviceleiter in einem gro\u00dfen Konzern t\u00e4tig. Schon in dieser Zeit lernte ich meinen neuen Arbeitgeber kennen <a href=\"https:\/\/foedus-personaldienste.de\/index.php\/neue-leitung-der-industriemontage\/\"> [&#8230;]<\/a><\/p>\n","protected":false},"author":3,"featured_media":5206,"comment_status":"closed","ping_status":"closed","sticky":false,"template":"","format":"standard","meta":{"footnotes":""},"categories":[31],"tags":[],"class_list":["post-6685","post","type-post","status-publish","format-standard","has-post-thumbnail","hentry","category-aktuelles"],"_links":{"self":[{"href":"https:\/\/foedus-personaldienste.de\/index.php\/wp-json\/wp\/v2\/posts\/6685","targetHints":{"allow":["GET"]}}],"collection":[{"href":"https:\/\/foedus-personaldienste.de\/index.php\/wp-json\/wp\/v2\/posts"}],"about":[{"href":"https:\/\/foedus-personaldienste.de\/index.php\/wp-json\/wp\/v2\/types\/post"}],"author":[{"embeddable":true,"href":"https:\/\/foedus-personaldienste.de\/index.php\/wp-json\/wp\/v2\/users\/3"}],"replies":[{"embeddable":true,"href":"https:\/\/foedus-personaldienste.de\/index.php\/wp-json\/wp\/v2\/comments?post=6685"}],"version-history":[{"count":0,"href":"https:\/\/foedus-personaldienste.de\/index.php\/wp-json\/wp\/v2\/posts\/6685\/revisions"}],"wp:featuredmedia":[{"embeddable":true,"href":"https:\/\/foedus-personaldienste.de\/index.php\/wp-json\/wp\/v2\/media\/5206"}],"wp:attachment":[{"href":"https:\/\/foedus-personaldienste.de\/index.php\/wp-json\/wp\/v2\/media?parent=6685"}],"wp:term":[{"taxonomy":"category","embeddable":true,"href":"https:\/\/foedus-personaldienste.de\/index.php\/wp-json\/wp\/v2\/categories?post=6685"},{"taxonomy":"post_tag","embeddable":true,"href":"https:\/\/foedus-personaldienste.de\/index.php\/wp-json\/wp\/v2\/tags?post=6685"}],"curies":[{"name":"wp","href":"https:\/\/api.w.org\/{rel}","templated":true}]}}