{"id":7458,"date":"2021-10-25T15:51:18","date_gmt":"2021-10-25T13:51:18","guid":{"rendered":"https:\/\/foedus-personaldienste.de\/?p=7458"},"modified":"2021-12-15T10:51:47","modified_gmt":"2021-12-15T08:51:47","slug":"das-foedus-team-waechst-3","status":"publish","type":"post","link":"https:\/\/foedus-personaldienste.de\/index.php\/das-foedus-team-waechst-3\/","title":{"rendered":"Das foedus Team w\u00e4chst"},"content":{"rendered":"<p>Die Niederlassung D\u00fcren w\u00e4chst&#8230;<\/p>\n<blockquote><p>Mein Name ist Annette Kl\u00e4s und ich bin seit dem 01.10.2021 als Personalsachbearbeiterin in der Niederlassung in D\u00fcren besch\u00e4ftigt.<\/p>\n<p>Ich wurde intensiv in meinen Aufgabenbereich eingef\u00fchrt und es bestand jederzeit Kontakt zu allen Kollegen*innen zur M\u00f6glichkeit von R\u00fcckfragen, sodass ich mich schnell eingearbeitet habe.<br \/>\nZu meinen Aufgaben geh\u00f6ren die Sachbearbeitung und die Unterst\u00fctzung der Disposition. Dadurch habe ich viele Ber\u00fchrungspunkte und Kontakt zu unseren Mitarbeiter*innen und Kundenbetrieben.<\/p>\n<p>Ich freue mich sehr auf mein neues Aufgabengebiet und darauf meine Kollegen*innen unterst\u00fctzen zu d\u00fcrfen.<\/p>\n<div class=\"fusion-image-element in-legacy-container\" style=\"--awb-caption-title-font-family:var(--h2_typography-font-family);--awb-caption-title-font-weight:var(--h2_typography-font-weight);--awb-caption-title-font-style:var(--h2_typography-font-style);--awb-caption-title-size:var(--h2_typography-font-size);--awb-caption-title-transform:var(--h2_typography-text-transform);--awb-caption-title-line-height:var(--h2_typography-line-height);--awb-caption-title-letter-spacing:var(--h2_typography-letter-spacing);\"><span class=\" fusion-imageframe imageframe-none imageframe-1 hover-type-none\"><a href=\"https:\/\/foedus-personaldienste.de\/wp-content\/uploads\/Anette_neu-710x1024.jpg\" class=\"fusion-lightbox\" data- rel=\"lightbox[7458] iLightbox[5f8dfae6bd499c7e478]\" data-title=\"Anette\" title=\"Anette\"><img decoding=\"async\" width=\"150\" height=\"150\" src=\"https:\/\/foedus-personaldienste.de\/wp-content\/uploads\/Anette_neu-150x150.jpg\" alt class=\"img-responsive wp-image-7505\" srcset=\"https:\/\/foedus-personaldienste.de\/wp-content\/uploads\/Anette_neu-66x66.jpg 66w, https:\/\/foedus-personaldienste.de\/wp-content\/uploads\/Anette_neu-150x150.jpg 150w\" sizes=\"(max-width: 150px) 100vw, 150px\" \/><\/a><\/span><\/div><\/blockquote>\n","protected":false},"excerpt":{"rendered":"<p>Die Niederlassung D\u00fcren w\u00e4chst&#8230; Mein Name ist Annette Kl\u00e4s und ich bin seit dem 01.10.2021 als Personalsachbearbeiterin in der Niederlassung in D\u00fcren besch\u00e4ftigt. Ich wurde intensiv in meinen Aufgabenbereich eingef\u00fchrt und es bestand jederzeit Kontakt zu allen Kollegen*innen zur M\u00f6glichkeit von R\u00fcckfragen, sodass ich mich schnell eingearbeitet habe. Zu meinen Aufgaben geh\u00f6ren die Sachbearbeitung und <a href=\"https:\/\/foedus-personaldienste.de\/index.php\/das-foedus-team-waechst-3\/\"> [&#8230;]<\/a><\/p>\n","protected":false},"author":6,"featured_media":5206,"comment_status":"closed","ping_status":"closed","sticky":false,"template":"","format":"standard","meta":{"footnotes":""},"categories":[31],"tags":[],"class_list":["post-7458","post","type-post","status-publish","format-standard","has-post-thumbnail","hentry","category-aktuelles"],"_links":{"self":[{"href":"https:\/\/foedus-personaldienste.de\/index.php\/wp-json\/wp\/v2\/posts\/7458","targetHints":{"allow":["GET"]}}],"collection":[{"href":"https:\/\/foedus-personaldienste.de\/index.php\/wp-json\/wp\/v2\/posts"}],"about":[{"href":"https:\/\/foedus-personaldienste.de\/index.php\/wp-json\/wp\/v2\/types\/post"}],"author":[{"embeddable":true,"href":"https:\/\/foedus-personaldienste.de\/index.php\/wp-json\/wp\/v2\/users\/6"}],"replies":[{"embeddable":true,"href":"https:\/\/foedus-personaldienste.de\/index.php\/wp-json\/wp\/v2\/comments?post=7458"}],"version-history":[{"count":0,"href":"https:\/\/foedus-personaldienste.de\/index.php\/wp-json\/wp\/v2\/posts\/7458\/revisions"}],"wp:featuredmedia":[{"embeddable":true,"href":"https:\/\/foedus-personaldienste.de\/index.php\/wp-json\/wp\/v2\/media\/5206"}],"wp:attachment":[{"href":"https:\/\/foedus-personaldienste.de\/index.php\/wp-json\/wp\/v2\/media?parent=7458"}],"wp:term":[{"taxonomy":"category","embeddable":true,"href":"https:\/\/foedus-personaldienste.de\/index.php\/wp-json\/wp\/v2\/categories?post=7458"},{"taxonomy":"post_tag","embeddable":true,"href":"https:\/\/foedus-personaldienste.de\/index.php\/wp-json\/wp\/v2\/tags?post=7458"}],"curies":[{"name":"wp","href":"https:\/\/api.w.org\/{rel}","templated":true}]}}